{"id":910,"date":"2025-07-09T10:57:12","date_gmt":"2025-07-09T08:57:12","guid":{"rendered":"https:\/\/www.les-belles-toitures.com\/?p=910"},"modified":"2026-04-09T13:12:42","modified_gmt":"2026-04-09T11:12:42","slug":"pose-fenetre-toit-saulge","status":"publish","type":"post","link":"https:\/\/www.les-belles-toitures.com\/pose-fenetre-toit-saulge\/","title":{"rendered":"Pose de fen\u00eatre de toit \u00e0 Saulg\u00e9 avec Les Belles Toitures, votre expert"},"content":{"rendered":"\n<p>Situ\u00e9e \u00e0 <strong>Saulg\u00e9<\/strong>, l\u2019entreprise <strong>Les Belles Toitures<\/strong> est sp\u00e9cialis\u00e9e dans la <strong>pose de fen\u00eatres de toit<\/strong>. Forte de plusieurs ann\u00e9es d\u2019exp\u00e9rience, elle intervient pour am\u00e9liorer la luminosit\u00e9 naturelle de votre habitat tout en assurant une parfaite \u00e9tanch\u00e9it\u00e9. Avec des ateliers implant\u00e9s \u00e0 <strong>Saulg\u00e9<\/strong> et <strong>Poitiers<\/strong>, l\u2019entreprise intervient dans un large p\u00e9rim\u00e8tre, notamment dans le d\u00e9partement de la <strong>Vienne (86)<\/strong> et de la <strong>Haute-Vienne (87)<\/strong>. Faites confiance \u00e0 un savoir-faire local pour vos travaux de toiture.<\/p>\n\n\n\n<h2 class=\"wp-block-heading\">Pose de fen\u00eatres de toit : un service sur mesure<\/h2>\n\n\n\n<p><strong><a href=\"https:\/\/www.les-belles-toitures.com\/couverture-a-saulge\/fenetre-de-toit-a-saulge\/\">La pose de fen\u00eatres de toit<\/a><\/strong> est une solution id\u00e9ale pour apporter de la lumi\u00e8re dans les combles ou les pi\u00e8ces sous toit. <strong>Les Belles Toitures<\/strong> vous propose un accompagnement complet, de la s\u00e9lection du mod\u00e8le adapt\u00e9 jusqu\u2019\u00e0 la pose finale.<\/p>\n\n\n\n<h3 class=\"wp-block-heading\">Les prestations incluent :<\/h3>\n\n\n\n<ul class=\"wp-block-list\">\n<li><strong>\u00c9tude personnalis\u00e9e<\/strong> de votre projet pour un rendu optimal.<\/li>\n\n\n\n<li>Pose de <strong>fen\u00eatres de toit type Velux<\/strong>, standard ou sur mesure.<\/li>\n\n\n\n<li><strong>Remplacement<\/strong> de <strong>fen\u00eatres de toit<\/strong> existantes.<\/li>\n\n\n\n<li>Installation de volets roulants ou stores int\u00e9gr\u00e9s.<\/li>\n\n\n\n<li>Optimisation de l\u2019isolation thermique et phonique.<\/li>\n\n\n\n<li>V\u00e9rification de l\u2019\u00e9tanch\u00e9it\u00e9 \u00e0 l\u2019eau et \u00e0 l\u2019air.<\/li>\n<\/ul>\n\n\n\n<p>Chaque projet est r\u00e9alis\u00e9 dans le respect des normes en vigueur, en tenant compte de l\u2019esth\u00e9tique de votre toiture et de la configuration de votre habitat. Que ce soit pour un projet de r\u00e9novation ou une construction neuve, Les Belles Toitures vous garantit un r\u00e9sultat \u00e0 la hauteur de vos attentes.<\/p>\n\n\n\n<h2 class=\"wp-block-heading\">Pourquoi faire appel \u00e0 Les Belles Toitures ?<\/h2>\n\n\n\n<p>Faire appel \u00e0 <strong>Les Belles Toitures<\/strong>, c\u2019est choisir une entreprise locale qui mise sur la qualit\u00e9 et la satisfaction client.<\/p>\n\n\n\n<h3 class=\"wp-block-heading\">Nos atouts :<\/h3>\n\n\n\n<ul class=\"wp-block-list\">\n<li>Exp\u00e9rience av\u00e9r\u00e9e dans la pose de fen\u00eatres de toit.<\/li>\n\n\n\n<li>\u00c9quipe de couvreurs form\u00e9s et certifi\u00e9s.<\/li>\n\n\n\n<li>Respect des normes<strong> <\/strong>et des r\u00e9glementations thermiques en vigueur.<\/li>\n\n\n\n<li>Garantie d\u00e9cennale sur tous les travaux.<\/li>\n\n\n\n<li>Conseils personnalis\u00e9s pour choisir les mod\u00e8les les mieux adapt\u00e9s.<\/li>\n\n\n\n<li>Rapidit\u00e9 d\u2019intervention et propret\u00e9 de chantier assur\u00e9e.<\/li>\n<\/ul>\n\n\n\n<p>L\u2019entreprise s\u2019engage \u00e0 fournir des solutions durables, avec des mat\u00e9riaux performants, s\u00e9lectionn\u00e9s pour leur robustesse et leur efficacit\u00e9 \u00e9nerg\u00e9tique. Gr\u00e2ce \u00e0 sa connaissance du terrain et son implantation locale, <strong>Les Belles Toitures<\/strong> vous garantit un service de proximit\u00e9, fiable et r\u00e9actif.<\/p>\n\n\n\n<h2 class=\"wp-block-heading\">Une zone d\u2019intervention \u00e9tendue<\/h2>\n\n\n\n<p>Les Belles Toitures intervient dans une large zone g\u00e9ographique autour de ses deux ateliers situ\u00e9s \u00e0 <strong>Saulg\u00e9<\/strong> et <strong>Poitiers<\/strong>.<\/p>\n\n\n\n<p>Villes et zones desservies :<\/p>\n\n\n\n<ul class=\"wp-block-list\">\n<li><strong>Saulg\u00e9<\/strong><\/li>\n\n\n\n<li><strong><a href=\"https:\/\/www.les-belles-toitures.com\/pose-fenetres-toit-montmorillon\/\">Montmorillon<\/a><\/strong><\/li>\n\n\n\n<li><strong><a href=\"https:\/\/www.les-belles-toitures.com\/pose-fenetre-toit-poitiers\/\">Poitiers<\/a><\/strong><\/li>\n\n\n\n<li>Tout le d\u00e9partement de la <strong><a href=\"https:\/\/www.les-belles-toitures.com\/pose-fenetre-toit-departement-vienne-86\/\">Vienne (86)<\/a><\/strong><\/li>\n\n\n\n<li>Tout le d\u00e9partement de la <strong><a href=\"https:\/\/www.les-belles-toitures.com\/pose-fenetres-toit-departement-haute-vienne-87\/\">Haute-Vienne (87)<\/a><\/strong><\/li>\n<\/ul>\n\n\n\n<p>Que vous soyez un particulier ou un professionnel, l\u2019entreprise est \u00e0 votre \u00e9coute pour tous vos projets de <strong>fen\u00eatres de toit<\/strong>. Sa proximit\u00e9 avec les principales communes de la r\u00e9gion permet une r\u00e9activit\u00e9 optimale et une parfaite connaissance des contraintes locales.<\/p>\n\n\n\n<h2 class=\"wp-block-heading\">Contactez Les Belles Toitures d\u00e8s maintenant<\/h2>\n\n\n\n<p>Vous avez un projet de <strong>pose de fen\u00eatre de toit \u00e0 Saulg\u00e9<\/strong> ou dans ses environs ? N\u2019attendez plus pour faire appel \u00e0 <strong>Les Belles Toitures<\/strong> !<br><a href=\"https:\/\/www.les-belles-toitures.com\/nous-contacter-a-saulge\/\">Demandez d\u00e8s aujourd\u2019hui un devis gratuit<\/a> ou prenez rendez-vous pour une \u00e9tude personnalis\u00e9e.<br>Un expert se d\u00e9place chez vous pour \u00e9valuer les possibilit\u00e9s et vous conseiller sur les meilleures options. <\/p>\n\n\n\n<p>Faites entrer la lumi\u00e8re dans votre maison avec une solution fiable, esth\u00e9tique et performante.<\/p>\n\n\n\n<p><\/p>\n","protected":false},"excerpt":{"rendered":"<p>Situ\u00e9e \u00e0 Saulg\u00e9, l\u2019entreprise Les Belles Toitures est sp\u00e9cialis\u00e9e dans la pose de fen\u00eatres de toit. Forte de plusieurs ann\u00e9es d\u2019exp\u00e9rience, elle intervient pour am\u00e9liorer la luminosit\u00e9 naturelle de votre habitat tout en assurant une parfaite \u00e9tanch\u00e9it\u00e9. Avec des ateliers implant\u00e9s \u00e0 Saulg\u00e9 et Poitiers, l\u2019entreprise intervient dans un large p\u00e9rim\u00e8tre, notamment dans le d\u00e9partement [&hellip;]<\/p>\n","protected":false},"author":1,"featured_media":911,"comment_status":"closed","ping_status":"closed","sticky":false,"template":"","format":"standard","meta":{"footnotes":""},"categories":[1],"tags":[],"class_list":["post-910","post","type-post","status-publish","format-standard","has-post-thumbnail","hentry","category-non-classe"],"aioseo_notices":[],"aioseo_head":"\n\t\t<!-- All in One SEO Pro 4.9.6.2 - aioseo.com -->\n\t<meta name=\"description\" content=\"Pose de fen\u00eatre de toit \u00e0 Saulg\u00e9 et alentours avec Les Belles Toitures : qualit\u00e9, expertise. Contactez-nous pour demander un devis gratuit.\" \/>\n\t<meta name=\"robots\" content=\"max-image-preview:large\" \/>\n\t<meta name=\"author\" content=\"vyseo-bel\"\/>\n\t<meta name=\"google-site-verification\" content=\"LbTChsoNQQer2XpQkOSFSIbebalewvzLC6zOocoByec\" \/>\n\t<link rel=\"canonical\" href=\"https:\/\/www.les-belles-toitures.com\/pose-fenetre-toit-saulge\/\" \/>\n\t<meta name=\"generator\" content=\"All in One SEO Pro (AIOSEO) 4.9.6.2\" \/>\n\t\t<meta property=\"og:locale\" content=\"fr_FR\" \/>\n\t\t<meta property=\"og:site_name\" content=\"Les Belles Toitures - L\u2019art de la couverture, depuis 1976.\" \/>\n\t\t<meta property=\"og:type\" content=\"article\" \/>\n\t\t<meta property=\"og:title\" content=\"Pose de fen\u00eatre de toit \u00e0 Saulg\u00e9 - Les Belles Toitures\" \/>\n\t\t<meta property=\"og:description\" content=\"Pose de fen\u00eatre de toit \u00e0 Saulg\u00e9 et alentours avec Les Belles Toitures : qualit\u00e9, expertise. Contactez-nous pour demander un devis gratuit.\" \/>\n\t\t<meta property=\"og:url\" content=\"https:\/\/www.les-belles-toitures.com\/pose-fenetre-toit-saulge\/\" \/>\n\t\t<meta property=\"og:image\" content=\"https:\/\/www.les-belles-toitures.com\/media\/2025\/02\/logo-foot.png\" \/>\n\t\t<meta property=\"og:image:secure_url\" content=\"https:\/\/www.les-belles-toitures.com\/media\/2025\/02\/logo-foot.png\" \/>\n\t\t<meta property=\"article:published_time\" content=\"2025-07-09T08:57:12+00:00\" \/>\n\t\t<meta property=\"article:modified_time\" content=\"2026-04-09T11:12:42+00:00\" \/>\n\t\t<meta name=\"twitter:card\" content=\"summary_large_image\" \/>\n\t\t<meta name=\"twitter:title\" content=\"Pose de fen\u00eatre de toit \u00e0 Saulg\u00e9 - Les Belles Toitures\" \/>\n\t\t<meta name=\"twitter:description\" content=\"Pose de fen\u00eatre de toit \u00e0 Saulg\u00e9 et alentours avec Les Belles Toitures : qualit\u00e9, expertise. Contactez-nous pour demander un devis gratuit.\" \/>\n\t\t<meta name=\"twitter:image\" content=\"https:\/\/www.les-belles-toitures.com\/media\/2025\/02\/logo-foot.png\" \/>\n\t\t<script type=\"application\/ld+json\" class=\"aioseo-schema\">\n\t\t\t{\"@context\":\"https:\\\/\\\/schema.org\",\"@graph\":[{\"@type\":\"BlogPosting\",\"@id\":\"https:\\\/\\\/www.les-belles-toitures.com\\\/pose-fenetre-toit-saulge\\\/#blogposting\",\"name\":\"Pose de fen\\u00eatre de toit \\u00e0 Saulg\\u00e9 - Les Belles Toitures\",\"headline\":\"Pose de fen\\u00eatre de toit \\u00e0 Saulg\\u00e9 avec Les Belles Toitures, votre expert\",\"author\":{\"@id\":\"https:\\\/\\\/www.les-belles-toitures.com\\\/author\\\/vyseo-bel\\\/#author\"},\"publisher\":{\"@id\":\"https:\\\/\\\/www.les-belles-toitures.com\\\/#organization\"},\"image\":{\"@type\":\"ImageObject\",\"url\":\"https:\\\/\\\/www.les-belles-toitures.com\\\/wp-content\\\/uploads\\\/2025\\\/07\\\/pose-de-fenetre-de-toit-saulge.webp\",\"width\":2560,\"height\":1707,\"caption\":\"pose de fen\\u00eatre de toit Saulg\\u00e9\"},\"datePublished\":\"2025-07-09T10:57:12+02:00\",\"dateModified\":\"2026-04-09T13:12:42+02:00\",\"inLanguage\":\"fr-FR\",\"mainEntityOfPage\":{\"@id\":\"https:\\\/\\\/www.les-belles-toitures.com\\\/pose-fenetre-toit-saulge\\\/#webpage\"},\"isPartOf\":{\"@id\":\"https:\\\/\\\/www.les-belles-toitures.com\\\/pose-fenetre-toit-saulge\\\/#webpage\"},\"articleSection\":\"Non class\\u00e9\"},{\"@type\":\"BreadcrumbList\",\"@id\":\"https:\\\/\\\/www.les-belles-toitures.com\\\/pose-fenetre-toit-saulge\\\/#breadcrumblist\",\"itemListElement\":[{\"@type\":\"ListItem\",\"@id\":\"https:\\\/\\\/www.les-belles-toitures.com#listItem\",\"position\":1,\"name\":\"Home\",\"item\":\"https:\\\/\\\/www.les-belles-toitures.com\",\"nextItem\":{\"@type\":\"ListItem\",\"@id\":\"https:\\\/\\\/www.les-belles-toitures.com\\\/category\\\/non-classe\\\/#listItem\",\"name\":\"Non class\\u00e9\"}},{\"@type\":\"ListItem\",\"@id\":\"https:\\\/\\\/www.les-belles-toitures.com\\\/category\\\/non-classe\\\/#listItem\",\"position\":2,\"name\":\"Non class\\u00e9\",\"item\":\"https:\\\/\\\/www.les-belles-toitures.com\\\/category\\\/non-classe\\\/\",\"nextItem\":{\"@type\":\"ListItem\",\"@id\":\"https:\\\/\\\/www.les-belles-toitures.com\\\/pose-fenetre-toit-saulge\\\/#listItem\",\"name\":\"Pose de fen\\u00eatre de toit \\u00e0 Saulg\\u00e9 avec Les Belles Toitures, votre expert\"},\"previousItem\":{\"@type\":\"ListItem\",\"@id\":\"https:\\\/\\\/www.les-belles-toitures.com#listItem\",\"name\":\"Home\"}},{\"@type\":\"ListItem\",\"@id\":\"https:\\\/\\\/www.les-belles-toitures.com\\\/pose-fenetre-toit-saulge\\\/#listItem\",\"position\":3,\"name\":\"Pose de fen\\u00eatre de toit \\u00e0 Saulg\\u00e9 avec Les Belles Toitures, votre expert\",\"previousItem\":{\"@type\":\"ListItem\",\"@id\":\"https:\\\/\\\/www.les-belles-toitures.com\\\/category\\\/non-classe\\\/#listItem\",\"name\":\"Non class\\u00e9\"}}]},{\"@type\":\"Organization\",\"@id\":\"https:\\\/\\\/www.les-belles-toitures.com\\\/#organization\",\"name\":\"Les Belles Toitures\",\"description\":\"L\\u2019art de la couverture, depuis 1976.\",\"url\":\"https:\\\/\\\/www.les-belles-toitures.com\\\/\",\"email\":\"bellestoitures@wanadoo.fr\",\"telephone\":\"+33549840056\",\"logo\":{\"@type\":\"ImageObject\",\"url\":\"https:\\\/\\\/www.les-belles-toitures.com\\\/wp-content\\\/uploads\\\/2025\\\/02\\\/logo-foot.png\",\"@id\":\"https:\\\/\\\/www.les-belles-toitures.com\\\/pose-fenetre-toit-saulge\\\/#organizationLogo\",\"width\":261,\"height\":105,\"caption\":\"Les Belles Toitures Saulg\\u00e9\"},\"image\":{\"@id\":\"https:\\\/\\\/www.les-belles-toitures.com\\\/pose-fenetre-toit-saulge\\\/#organizationLogo\"},\"address\":{\"@id\":\"https:\\\/\\\/www.les-belles-toitures.com\\\/#postaladdress\",\"@type\":\"PostalAddress\",\"streetAddress\":\"Centre de Gros, 6 rue Carreau\",\"postalCode\":\"86000\",\"addressLocality\":\"POITIERS\",\"addressCountry\":\"FR\"}},{\"@type\":\"Person\",\"@id\":\"https:\\\/\\\/www.les-belles-toitures.com\\\/author\\\/vyseo-bel\\\/#author\",\"url\":\"https:\\\/\\\/www.les-belles-toitures.com\\\/author\\\/vyseo-bel\\\/\",\"name\":\"vyseo-bel\",\"image\":{\"@type\":\"ImageObject\",\"@id\":\"https:\\\/\\\/www.les-belles-toitures.com\\\/pose-fenetre-toit-saulge\\\/#authorImage\",\"url\":\"https:\\\/\\\/www.les-belles-toitures.com\\\/wp-content\\\/litespeed\\\/avatar\\\/586689f81a668c6b3a8db1bae87873ba.jpg?ver=1777372655\",\"width\":96,\"height\":96,\"caption\":\"vyseo-bel\"}},{\"@type\":\"WebPage\",\"@id\":\"https:\\\/\\\/www.les-belles-toitures.com\\\/pose-fenetre-toit-saulge\\\/#webpage\",\"url\":\"https:\\\/\\\/www.les-belles-toitures.com\\\/pose-fenetre-toit-saulge\\\/\",\"name\":\"Pose de fen\\u00eatre de toit \\u00e0 Saulg\\u00e9 - Les Belles Toitures\",\"description\":\"Pose de fen\\u00eatre de toit \\u00e0 Saulg\\u00e9 et alentours avec Les Belles Toitures : qualit\\u00e9, expertise. Contactez-nous pour demander un devis gratuit.\",\"inLanguage\":\"fr-FR\",\"isPartOf\":{\"@id\":\"https:\\\/\\\/www.les-belles-toitures.com\\\/#website\"},\"breadcrumb\":{\"@id\":\"https:\\\/\\\/www.les-belles-toitures.com\\\/pose-fenetre-toit-saulge\\\/#breadcrumblist\"},\"author\":{\"@id\":\"https:\\\/\\\/www.les-belles-toitures.com\\\/author\\\/vyseo-bel\\\/#author\"},\"creator\":{\"@id\":\"https:\\\/\\\/www.les-belles-toitures.com\\\/author\\\/vyseo-bel\\\/#author\"},\"image\":{\"@type\":\"ImageObject\",\"url\":\"https:\\\/\\\/www.les-belles-toitures.com\\\/wp-content\\\/uploads\\\/2025\\\/07\\\/pose-de-fenetre-de-toit-saulge.webp\",\"@id\":\"https:\\\/\\\/www.les-belles-toitures.com\\\/pose-fenetre-toit-saulge\\\/#mainImage\",\"width\":2560,\"height\":1707,\"caption\":\"pose de fen\\u00eatre de toit Saulg\\u00e9\"},\"primaryImageOfPage\":{\"@id\":\"https:\\\/\\\/www.les-belles-toitures.com\\\/pose-fenetre-toit-saulge\\\/#mainImage\"},\"datePublished\":\"2025-07-09T10:57:12+02:00\",\"dateModified\":\"2026-04-09T13:12:42+02:00\"},{\"@type\":\"WebSite\",\"@id\":\"https:\\\/\\\/www.les-belles-toitures.com\\\/#website\",\"url\":\"https:\\\/\\\/www.les-belles-toitures.com\\\/\",\"name\":\"Les Belles Toitures\",\"description\":\"L\\u2019art de la couverture, depuis 1976.\",\"inLanguage\":\"fr-FR\",\"publisher\":{\"@id\":\"https:\\\/\\\/www.les-belles-toitures.com\\\/#organization\"}}]}\n\t\t<\/script>\n\t\t<!-- All in One SEO Pro -->\r\n\t\t<title>Pose de fen\u00eatre de toit \u00e0 Saulg\u00e9 - Les Belles Toitures<\/title>\n\n","aioseo_head_json":{"title":"Pose de fen\u00eatre de toit \u00e0 Saulg\u00e9 - Les Belles Toitures","description":"Pose de fen\u00eatre de toit \u00e0 Saulg\u00e9 et alentours avec Les Belles Toitures : qualit\u00e9, expertise. Contactez-nous pour demander un devis gratuit.","canonical_url":"https:\/\/www.les-belles-toitures.com\/pose-fenetre-toit-saulge\/","robots":"max-image-preview:large","keywords":"","webmasterTools":{"google-site-verification":"LbTChsoNQQer2XpQkOSFSIbebalewvzLC6zOocoByec","miscellaneous":""},"schema":{"@context":"https:\/\/schema.org","@graph":[{"@type":"BlogPosting","@id":"https:\/\/www.les-belles-toitures.com\/pose-fenetre-toit-saulge\/#blogposting","name":"Pose de fen\u00eatre de toit \u00e0 Saulg\u00e9 - Les Belles Toitures","headline":"Pose de fen\u00eatre de toit \u00e0 Saulg\u00e9 avec Les Belles Toitures, votre expert","author":{"@id":"https:\/\/www.les-belles-toitures.com\/profile\/vyseo-bel\/#author"},"publisher":{"@id":"https:\/\/www.les-belles-toitures.com\/#organization"},"image":{"@type":"ImageObject","url":"https:\/\/www.les-belles-toitures.com\/media\/2025\/07\/pose-de-fenetre-de-toit-saulge.webp","width":2560,"height":1707,"caption":"pose de fen\u00eatre de toit Saulg\u00e9"},"datePublished":"2025-07-09T10:57:12+02:00","dateModified":"2026-04-09T13:12:42+02:00","inLanguage":"fr-FR","mainEntityOfPage":{"@id":"https:\/\/www.les-belles-toitures.com\/pose-fenetre-toit-saulge\/#webpage"},"isPartOf":{"@id":"https:\/\/www.les-belles-toitures.com\/pose-fenetre-toit-saulge\/#webpage"},"articleSection":"Non class\u00e9"},{"@type":"BreadcrumbList","@id":"https:\/\/www.les-belles-toitures.com\/pose-fenetre-toit-saulge\/#breadcrumblist","itemListElement":[{"@type":"ListItem","@id":"https:\/\/www.les-belles-toitures.com#listItem","position":1,"name":"Home","item":"https:\/\/www.les-belles-toitures.com","nextItem":{"@type":"ListItem","@id":"https:\/\/www.les-belles-toitures.com\/category\/non-classe\/#listItem","name":"Non class\u00e9"}},{"@type":"ListItem","@id":"https:\/\/www.les-belles-toitures.com\/category\/non-classe\/#listItem","position":2,"name":"Non class\u00e9","item":"https:\/\/www.les-belles-toitures.com\/category\/non-classe\/","nextItem":{"@type":"ListItem","@id":"https:\/\/www.les-belles-toitures.com\/pose-fenetre-toit-saulge\/#listItem","name":"Pose de fen\u00eatre de toit \u00e0 Saulg\u00e9 avec Les Belles Toitures, votre expert"},"previousItem":{"@type":"ListItem","@id":"https:\/\/www.les-belles-toitures.com#listItem","name":"Home"}},{"@type":"ListItem","@id":"https:\/\/www.les-belles-toitures.com\/pose-fenetre-toit-saulge\/#listItem","position":3,"name":"Pose de fen\u00eatre de toit \u00e0 Saulg\u00e9 avec Les Belles Toitures, votre expert","previousItem":{"@type":"ListItem","@id":"https:\/\/www.les-belles-toitures.com\/category\/non-classe\/#listItem","name":"Non class\u00e9"}}]},{"@type":"Organization","@id":"https:\/\/www.les-belles-toitures.com\/#organization","name":"Les Belles Toitures","description":"L\u2019art de la couverture, depuis 1976.","url":"https:\/\/www.les-belles-toitures.com\/","email":"bellestoitures@wanadoo.fr","telephone":"+33549840056","logo":{"@type":"ImageObject","url":"https:\/\/www.les-belles-toitures.com\/media\/2025\/02\/logo-foot.png","@id":"https:\/\/www.les-belles-toitures.com\/pose-fenetre-toit-saulge\/#organizationLogo","width":261,"height":105,"caption":"Les Belles Toitures Saulg\u00e9"},"image":{"@id":"https:\/\/www.les-belles-toitures.com\/pose-fenetre-toit-saulge\/#organizationLogo"},"address":{"@id":"https:\/\/www.les-belles-toitures.com\/#postaladdress","@type":"PostalAddress","streetAddress":"Centre de Gros, 6 rue Carreau","postalCode":"86000","addressLocality":"POITIERS","addressCountry":"FR"}},{"@type":"Person","@id":"https:\/\/www.les-belles-toitures.com\/profile\/vyseo-bel\/#author","url":"https:\/\/www.les-belles-toitures.com\/profile\/vyseo-bel\/","name":"vyseo-bel","image":{"@type":"ImageObject","@id":"https:\/\/www.les-belles-toitures.com\/pose-fenetre-toit-saulge\/#authorImage","url":"https:\/\/www.les-belles-toitures.com\/data\/litespeed\/avatar\/586689f81a668c6b3a8db1bae87873ba.jpg?ver=1777372655","width":96,"height":96,"caption":"vyseo-bel"}},{"@type":"WebPage","@id":"https:\/\/www.les-belles-toitures.com\/pose-fenetre-toit-saulge\/#webpage","url":"https:\/\/www.les-belles-toitures.com\/pose-fenetre-toit-saulge\/","name":"Pose de fen\u00eatre de toit \u00e0 Saulg\u00e9 - Les Belles Toitures","description":"Pose de fen\u00eatre de toit \u00e0 Saulg\u00e9 et alentours avec Les Belles Toitures : qualit\u00e9, expertise. Contactez-nous pour demander un devis gratuit.","inLanguage":"fr-FR","isPartOf":{"@id":"https:\/\/www.les-belles-toitures.com\/#website"},"breadcrumb":{"@id":"https:\/\/www.les-belles-toitures.com\/pose-fenetre-toit-saulge\/#breadcrumblist"},"author":{"@id":"https:\/\/www.les-belles-toitures.com\/profile\/vyseo-bel\/#author"},"creator":{"@id":"https:\/\/www.les-belles-toitures.com\/profile\/vyseo-bel\/#author"},"image":{"@type":"ImageObject","url":"https:\/\/www.les-belles-toitures.com\/media\/2025\/07\/pose-de-fenetre-de-toit-saulge.webp","@id":"https:\/\/www.les-belles-toitures.com\/pose-fenetre-toit-saulge\/#mainImage","width":2560,"height":1707,"caption":"pose de fen\u00eatre de toit Saulg\u00e9"},"primaryImageOfPage":{"@id":"https:\/\/www.les-belles-toitures.com\/pose-fenetre-toit-saulge\/#mainImage"},"datePublished":"2025-07-09T10:57:12+02:00","dateModified":"2026-04-09T13:12:42+02:00"},{"@type":"WebSite","@id":"https:\/\/www.les-belles-toitures.com\/#website","url":"https:\/\/www.les-belles-toitures.com\/","name":"Les Belles Toitures","description":"L\u2019art de la couverture, depuis 1976.","inLanguage":"fr-FR","publisher":{"@id":"https:\/\/www.les-belles-toitures.com\/#organization"}}]},"og:locale":"fr_FR","og:site_name":"Les Belles Toitures - L\u2019art de la couverture, depuis 1976.","og:type":"article","og:title":"Pose de fen\u00eatre de toit \u00e0 Saulg\u00e9 - Les Belles Toitures","og:description":"Pose de fen\u00eatre de toit \u00e0 Saulg\u00e9 et alentours avec Les Belles Toitures : qualit\u00e9, expertise. Contactez-nous pour demander un devis gratuit.","og:url":"https:\/\/www.les-belles-toitures.com\/pose-fenetre-toit-saulge\/","og:image":"https:\/\/www.les-belles-toitures.com\/media\/2025\/02\/logo-foot.png","og:image:secure_url":"https:\/\/www.les-belles-toitures.com\/media\/2025\/02\/logo-foot.png","article:published_time":"2025-07-09T08:57:12+00:00","article:modified_time":"2026-04-09T11:12:42+00:00","twitter:card":"summary_large_image","twitter:title":"Pose de fen\u00eatre de toit \u00e0 Saulg\u00e9 - Les Belles Toitures","twitter:description":"Pose de fen\u00eatre de toit \u00e0 Saulg\u00e9 et alentours avec Les Belles Toitures : qualit\u00e9, expertise. Contactez-nous pour demander un devis gratuit.","twitter:image":"https:\/\/www.les-belles-toitures.com\/media\/2025\/02\/logo-foot.png"},"aioseo_meta_data":{"post_id":"910","title":"Pose de fen\u00eatre de toit \u00e0 Saulg\u00e9 #separator_sa #site_title","description":"Pose de fen\u00eatre de toit \u00e0 Saulg\u00e9 et alentours avec Les Belles Toitures : qualit\u00e9, expertise. Contactez-nous pour demander un devis gratuit.","keywords":null,"keyphrases":{"focus":{"keyphrase":"","score":0,"analysis":{"keyphraseInTitle":{"score":0,"maxScore":9,"error":1}}},"additional":[]},"primary_term":null,"canonical_url":null,"og_title":null,"og_description":null,"og_object_type":"default","og_image_type":"default","og_image_url":null,"og_image_width":null,"og_image_height":null,"og_image_custom_url":null,"og_image_custom_fields":null,"og_video":"","og_custom_url":null,"og_article_section":null,"og_article_tags":null,"twitter_use_og":false,"twitter_card":"default","twitter_image_type":"default","twitter_image_url":null,"twitter_image_custom_url":null,"twitter_image_custom_fields":null,"twitter_title":null,"twitter_description":null,"schema":{"blockGraphs":[],"customGraphs":[],"default":{"data":{"Article":[],"Course":[],"Dataset":[],"FAQPage":[],"Movie":[],"Person":[],"Product":[],"ProductReview":[],"Car":[],"Recipe":[],"Service":[],"SoftwareApplication":[],"WebPage":[]},"graphName":"BlogPosting","isEnabled":true},"graphs":[]},"schema_type":"default","schema_type_options":null,"pillar_content":false,"robots_default":true,"robots_noindex":false,"robots_noarchive":false,"robots_nosnippet":false,"robots_nofollow":false,"robots_noimageindex":false,"robots_noodp":false,"robots_notranslate":false,"robots_max_snippet":"-1","robots_max_videopreview":"-1","robots_max_imagepreview":"large","priority":null,"frequency":"default","local_seo":null,"seo_analyzer_scan_date":"2026-04-09 11:21:23","breadcrumb_settings":null,"limit_modified_date":false,"open_ai":null,"ai":{"faqs":[],"keyPoints":[],"titles":[],"descriptions":[],"socialPosts":{"email":[],"linkedin":[],"twitter":[],"facebook":[],"instagram":[]}},"created":"2025-07-09 08:57:13","updated":"2026-04-09 11:21:23"},"aioseo_breadcrumb":"<div class=\"aioseo-breadcrumbs\"><span class=\"aioseo-breadcrumb\">\n\t<a href=\"https:\/\/www.les-belles-toitures.com\" title=\"Home\">Home<\/a>\n<\/span><span class=\"aioseo-breadcrumb-separator\">&raquo;<\/span><span class=\"aioseo-breadcrumb\">\n\t<a href=\"https:\/\/www.les-belles-toitures.com\/category\/non-classe\/\" title=\"Non class\u00e9\">Non class\u00e9<\/a>\n<\/span><span class=\"aioseo-breadcrumb-separator\">&raquo;<\/span><span class=\"aioseo-breadcrumb\">\n\tPose de fen\u00eatre de toit \u00e0 Saulg\u00e9 avec Les Belles Toitures, votre expert\n<\/span><\/div>","aioseo_breadcrumb_json":[{"label":"Home","link":"https:\/\/www.les-belles-toitures.com"},{"label":"Non class\u00e9","link":"https:\/\/www.les-belles-toitures.com\/category\/non-classe\/"},{"label":"Pose de fen\u00eatre de toit \u00e0 Saulg\u00e9 avec Les Belles Toitures, votre expert","link":"https:\/\/www.les-belles-toitures.com\/pose-fenetre-toit-saulge\/"}],"_links":{"self":[{"href":"https:\/\/www.les-belles-toitures.com\/api-json\/wp\/v2\/posts\/910","targetHints":{"allow":["GET"]}}],"collection":[{"href":"https:\/\/www.les-belles-toitures.com\/api-json\/wp\/v2\/posts"}],"about":[{"href":"https:\/\/www.les-belles-toitures.com\/api-json\/wp\/v2\/types\/post"}],"author":[{"embeddable":true,"href":"https:\/\/www.les-belles-toitures.com\/api-json\/wp\/v2\/users\/1"}],"replies":[{"embeddable":true,"href":"https:\/\/www.les-belles-toitures.com\/api-json\/wp\/v2\/comments?post=910"}],"version-history":[{"count":1,"href":"https:\/\/www.les-belles-toitures.com\/api-json\/wp\/v2\/posts\/910\/revisions"}],"predecessor-version":[{"id":1123,"href":"https:\/\/www.les-belles-toitures.com\/api-json\/wp\/v2\/posts\/910\/revisions\/1123"}],"wp:featuredmedia":[{"embeddable":true,"href":"https:\/\/www.les-belles-toitures.com\/api-json\/wp\/v2\/media\/911"}],"wp:attachment":[{"href":"https:\/\/www.les-belles-toitures.com\/api-json\/wp\/v2\/media?parent=910"}],"wp:term":[{"taxonomy":"category","embeddable":true,"href":"https:\/\/www.les-belles-toitures.com\/api-json\/wp\/v2\/categories?post=910"},{"taxonomy":"post_tag","embeddable":true,"href":"https:\/\/www.les-belles-toitures.com\/api-json\/wp\/v2\/tags?post=910"}],"curies":[{"name":"wp","href":"https:\/\/api.w.org\/{rel}","templated":true}]}}